{"id":777479,"date":"2026-08-31T17:28:10","date_gmt":"2026-08-31T15:28:10","guid":{"rendered":"https:\/\/www.servethecity.paris\/?p=777479"},"modified":"2026-08-31T20:13:47","modified_gmt":"2026-08-31T18:13:47","slug":"a-weekend-at-the-european-aquatics-championships","status":"publish","type":"post","link":"https:\/\/www.servethecity.paris\/fr\/2026\/08\/31\/a-weekend-at-the-european-aquatics-championships\/","title":{"rendered":"A Weekend at the European Aquatics Championships"},"content":{"rendered":"<p class=\"p1\">This past weekend, Serve the City Paris had the pleasure of showcasing our work at the European Aquatics Championships 2026, in the &lsquo;Espace Engagement&rsquo;. This was less about marketing and more about solidarity, sending the message that sport has a place in integration, empowerment, and dignity.<\/p>\n<p class=\"p1\">Alongside our peers from Kabubu, \u00c9quipe Sans Fronti\u00e8res Paris, and Institut de l&rsquo;Engagement, we welcomed visitors to learn who we are, what we do, and more importantly, why it matters to the people we serve. Each of our associations represents volunteers who give freely of their time to a cause that opens doors, builds friendships, and reminds those in exile from their home countries that they are welcome here in Paris.<\/p>\n<p>&nbsp;<\/p>\n<p><img loading=\"lazy\" decoding=\"async\" class=\"wp-image-777480 aligncenter\" src=\"https:\/\/cdn.servethecity.net\/wp-content\/uploads\/sites\/29\/2026\/08\/img_4437d493df88-5.jpeg\" alt=\"\" width=\"261\" height=\"464\" srcset=\"https:\/\/cdn.servethecity.net\/wp-content\/uploads\/sites\/29\/2026\/08\/img_4437d493df88-5.jpeg 721w, https:\/\/cdn.servethecity.net\/wp-content\/uploads\/sites\/29\/2026\/08\/img_4437d493df88-5-169x300.jpeg 169w, https:\/\/cdn.servethecity.net\/wp-content\/uploads\/sites\/29\/2026\/08\/img_4437d493df88-5-577x1024.jpeg 577w\" sizes=\"auto, (max-width: 261px) 100vw, 261px\" \/><\/p>\n<p>&nbsp;<\/p>\n<p>None of this would have been possible without the vision of Liz Gaudin and the support of the F\u00e9d\u00e9ration Fran\u00e7aise de Natation, whose team put in countless hours coordinating with us. Beyond hosting our booth, the FFN gave our youth beneficiaries a week-long swim course at the National Aquatic Centre in July, and will welcome our associations to watch the championship finals next week. All pro bono. All because they share our belief in the power of sport to unite.<\/p>\n<p class=\"p1\">We&rsquo;d also be remiss not to mention Tanguy MARZIN and the Change for Sport team at ChangeNOW, where our sport programs for migrants first connected with the FFN. Incredible things happen when we gather to exchange ideas.<\/p>\n<p class=\"p1\">Then on August 14, we had the privilege of returning to the championships with volunteers and beneficiaries to watch join the festivities as spectators. We were able to spend the morning watching finals competitions across numerous men&rsquo;s and women&rsquo;s singles and relays events. We had so much fun over the two weeks at the championships!<\/p>\n<p>&nbsp;<\/p>\n<p><img loading=\"lazy\" decoding=\"async\" class=\"aligncenter wp-image-777489\" src=\"https:\/\/cdn.servethecity.net\/wp-content\/uploads\/sites\/29\/2026\/08\/img_40ab8e5b9bcf-1.jpeg\" alt=\"\" width=\"651\" height=\"467\" srcset=\"https:\/\/cdn.servethecity.net\/wp-content\/uploads\/sites\/29\/2026\/08\/img_40ab8e5b9bcf-1.jpeg 1280w, https:\/\/cdn.servethecity.net\/wp-content\/uploads\/sites\/29\/2026\/08\/img_40ab8e5b9bcf-1-300x215.jpeg 300w, https:\/\/cdn.servethecity.net\/wp-content\/uploads\/sites\/29\/2026\/08\/img_40ab8e5b9bcf-1-1024x735.jpeg 1024w, https:\/\/cdn.servethecity.net\/wp-content\/uploads\/sites\/29\/2026\/08\/img_40ab8e5b9bcf-1-768x551.jpeg 768w\" sizes=\"auto, (max-width: 651px) 100vw, 651px\" \/><\/p>\n<p>By Nate Koehler<\/p>\n","protected":false},"excerpt":{"rendered":"<p>This past weekend, Serve the City Paris had the pleasure of showcasing our work at the European Aquatics Championships 2026, in the &lsquo;Espace Engagement&rsquo;. This was less about marketing and more about solidarity, sending the message that sport has a place in integration, empowerment, and dignity. Alongside our peers from Kabubu, \u00c9quipe Sans Fronti\u00e8res Paris, [&hellip;]<\/p>\n","protected":false},"author":115,"featured_media":777491,"comment_status":"closed","ping_status":"closed","sticky":false,"template":"","format":"standard","meta":{"footnotes":"","_links_to":"","_links_to_target":""},"categories":[43],"tags":[],"class_list":["post-777479","post","type-post","status-publish","format-standard","has-post-thumbnail","hentry","category-blog"],"_links":{"self":[{"href":"https:\/\/www.servethecity.paris\/fr\/wp-json\/wp\/v2\/posts\/777479","targetHints":{"allow":["GET"]}}],"collection":[{"href":"https:\/\/www.servethecity.paris\/fr\/wp-json\/wp\/v2\/posts"}],"about":[{"href":"https:\/\/www.servethecity.paris\/fr\/wp-json\/wp\/v2\/types\/post"}],"author":[{"embeddable":true,"href":"https:\/\/www.servethecity.paris\/fr\/wp-json\/wp\/v2\/users\/115"}],"replies":[{"embeddable":true,"href":"https:\/\/www.servethecity.paris\/fr\/wp-json\/wp\/v2\/comments?post=777479"}],"version-history":[{"count":3,"href":"https:\/\/www.servethecity.paris\/fr\/wp-json\/wp\/v2\/posts\/777479\/revisions"}],"predecessor-version":[{"id":777495,"href":"https:\/\/www.servethecity.paris\/fr\/wp-json\/wp\/v2\/posts\/777479\/revisions\/777495"}],"wp:featuredmedia":[{"embeddable":true,"href":"https:\/\/www.servethecity.paris\/fr\/wp-json\/wp\/v2\/media\/777491"}],"wp:attachment":[{"href":"https:\/\/www.servethecity.paris\/fr\/wp-json\/wp\/v2\/media?parent=777479"}],"wp:term":[{"taxonomy":"category","embeddable":true,"href":"https:\/\/www.servethecity.paris\/fr\/wp-json\/wp\/v2\/categories?post=777479"},{"taxonomy":"post_tag","embeddable":true,"href":"https:\/\/www.servethecity.paris\/fr\/wp-json\/wp\/v2\/tags?post=777479"}],"curies":[{"name":"wp","href":"https:\/\/api.w.org\/{rel}","templated":true}]}}